{"id":35420,"date":"2025-02-18T14:27:25","date_gmt":"2025-02-18T14:27:25","guid":{"rendered":"https:\/\/ani.pt\/eureka-global-innovation-summit-2025-takes-place-at-hannover-messe\/"},"modified":"2025-02-24T15:21:25","modified_gmt":"2025-02-24T15:21:25","slug":"eureka-global-innovation-summit-2025-takes-place-at-hannover-messe","status":"publish","type":"post","link":"https:\/\/ani.pt\/en\/eureka-global-innovation-summit-2025-takes-place-at-hannover-messe\/","title":{"rendered":"Eureka Global Innovation Summit 2025 takes place at Hannover Messe"},"content":{"rendered":"\n<p><\/p>\n\n<p class=\"has-text-align-center\"><strong>April 1st and 2nd | Hannover Messe, Germany<\/strong><\/p>\n\n<p><\/p>\n\n<p>The <a href=\"https:\/\/www.b2match.com\/e\/global-innovation-summit-2025\" target=\"_blank\" rel=\"noreferrer noopener\"><em>Eureka Global Innovation Summit 2025<\/em><\/a> will be held on April 1 and 2, under the joint chairmanship of Germany and Canada, in the context of Hannover Messe, one of the world&#8217;s largest trade fairs for technology and industrial development.<\/p>\n\n<p>This annual <em>networking<\/em> event brings together innovators, entrepreneurs, investors and policymakers from around the world, providing a space for exchanging ideas, establishing partnerships and debating the future of innovation. The program includes plenary sessions and thematic panels focused on Creating Circular Value, as well as B2B opportunities, <em>pitch sessions<\/em> and business <em>matchmaking<\/em>. More than 1,500 participants are expected from Europe and beyond.  <\/p>\n\n<p>A Hannover Messe, que decorre de 31 de mar\u00e7o a 3 de abril, recebe anualmente mais de 130.000 visitantes de mais de 150 pa\u00edses e destaca-se como uma montra global para empresas focadas em tecnologias digitais, transforma\u00e7\u00e3o industrial, tecnologias limpas e cadeias de abastecimento resilientes.<\/p>\n\n<p>Participation in GIS 2025 is free, but subject to registration. Registered participants will also have free access to the Hannover Messe. <\/p>\n\n<p>Register <a href=\"https:\/\/www.b2match.com\/e\/global-innovation-summit-2025\/components\/49121\/how-it-works\" target=\"_blank\" rel=\"noreferrer noopener\">here<\/a> and see the <a href=\"https:\/\/www.b2match.com\/e\/global-innovation-summit-2025\/components\/49124~\" target=\"_blank\" rel=\"noreferrer noopener\">event agenda<\/a>.<\/p>\n\n<p>Contact the Eureka Portugal Team <a href=\"https:\/\/ani.pt\/en\/eureka-network\/\" target=\"_blank\" rel=\"noreferrer noopener\">here<\/a>.<\/p>\n","protected":false},"excerpt":{"rendered":"<p>April 1st and 2nd | Hannover Messe, Germany The Eureka Global Innovation Summit 2025 will be held on April 1 and 2, under the joint chairmanship of Germany and Canada, in the context of Hannover Messe, one of the world&#8217;s largest trade fairs for technology and industrial development. This annual networking event brings together innovators, [&hellip;]<\/p>\n","protected":false},"author":31,"featured_media":35243,"comment_status":"closed","ping_status":"open","sticky":false,"template":"","format":"standard","meta":{"_acf_changed":false,"_et_pb_use_builder":"off","_et_pb_old_content":"","_et_gb_content_width":"","footnotes":""},"categories":[607],"tags":[],"class_list":["post-35420","post","type-post","status-publish","format-standard","has-post-thumbnail","hentry","category-events-conferences"],"acf":[],"yoast_head":"<!-- This site is optimized with the Yoast SEO plugin v27.4 - https:\/\/yoast.com\/product\/yoast-seo-wordpress\/ -->\n<title>Eureka Global Innovation Summit 2025 takes place at Hannover Messe - ANI<\/title>\n<meta name=\"description\" content=\"The Eureka Global Innovation Summit 2025 will be held on April 1 and 2, under the joint chairmanship of Germany and Canada, in the context of Hannover Messe, one of the world&#039;s largest trade fairs for technology and industrial development.\" \/>\n<meta name=\"robots\" content=\"index, follow, max-snippet:-1, max-image-preview:large, max-video-preview:-1\" \/>\n<link rel=\"canonical\" href=\"https:\/\/ani.pt\/en\/eureka-global-innovation-summit-2025-takes-place-at-hannover-messe\/\" \/>\n<meta property=\"og:locale\" content=\"en_US\" \/>\n<meta property=\"og:type\" content=\"article\" \/>\n<meta property=\"og:title\" content=\"Eureka Global Innovation Summit 2025 takes place at Hannover Messe - ANI\" \/>\n<meta property=\"og:description\" content=\"The Eureka Global Innovation Summit 2025 will be held on April 1 and 2, under the joint chairmanship of Germany and Canada, in the context of Hannover Messe, one of the world&#039;s largest trade fairs for technology and industrial development.\" \/>\n<meta property=\"og:url\" content=\"https:\/\/ani.pt\/en\/eureka-global-innovation-summit-2025-takes-place-at-hannover-messe\/\" \/>\n<meta property=\"og:site_name\" content=\"ANI\" \/>\n<meta property=\"article:publisher\" content=\"https:\/\/www.facebook.com\/agencianacionaldeinovacao\/\" \/>\n<meta property=\"article:published_time\" content=\"2025-02-18T14:27:25+00:00\" \/>\n<meta property=\"article:modified_time\" content=\"2025-02-24T15:21:25+00:00\" \/>\n<meta property=\"og:image\" content=\"https:\/\/ani.pt\/wp-content\/uploads\/2025\/02\/noticias_eureka_innovationsummit.png\" \/>\n\t<meta property=\"og:image:width\" content=\"1920\" \/>\n\t<meta property=\"og:image:height\" content=\"1080\" \/>\n\t<meta property=\"og:image:type\" content=\"image\/png\" \/>\n<meta name=\"author\" content=\"ANI Admin\" \/>\n<meta name=\"twitter:card\" content=\"summary_large_image\" \/>\n<meta name=\"twitter:label1\" content=\"Written by\" \/>\n\t<meta name=\"twitter:data1\" content=\"ANI Admin\" \/>\n\t<meta name=\"twitter:label2\" content=\"Est. reading time\" \/>\n\t<meta name=\"twitter:data2\" content=\"1 minute\" \/>\n<script type=\"application\/ld+json\" class=\"yoast-schema-graph\">{\"@context\":\"https:\\\/\\\/schema.org\",\"@graph\":[{\"@type\":\"Article\",\"@id\":\"https:\\\/\\\/ani.pt\\\/en\\\/eureka-global-innovation-summit-2025-takes-place-at-hannover-messe\\\/#article\",\"isPartOf\":{\"@id\":\"https:\\\/\\\/ani.pt\\\/en\\\/eureka-global-innovation-summit-2025-takes-place-at-hannover-messe\\\/\"},\"author\":{\"name\":\"ANI Admin\",\"@id\":\"https:\\\/\\\/ani.pt\\\/en\\\/#\\\/schema\\\/person\\\/2ec00b2d99e1521d89f8c63aecb6af26\"},\"headline\":\"Eureka Global Innovation Summit 2025 takes place at Hannover Messe\",\"datePublished\":\"2025-02-18T14:27:25+00:00\",\"dateModified\":\"2025-02-24T15:21:25+00:00\",\"mainEntityOfPage\":{\"@id\":\"https:\\\/\\\/ani.pt\\\/en\\\/eureka-global-innovation-summit-2025-takes-place-at-hannover-messe\\\/\"},\"wordCount\":193,\"image\":{\"@id\":\"https:\\\/\\\/ani.pt\\\/en\\\/eureka-global-innovation-summit-2025-takes-place-at-hannover-messe\\\/#primaryimage\"},\"thumbnailUrl\":\"https:\\\/\\\/ani.pt\\\/wp-content\\\/uploads\\\/2025\\\/02\\\/noticias_eureka_innovationsummit.png\",\"articleSection\":[\"Events &amp; Conferences\"],\"inLanguage\":\"en-US\"},{\"@type\":\"WebPage\",\"@id\":\"https:\\\/\\\/ani.pt\\\/en\\\/eureka-global-innovation-summit-2025-takes-place-at-hannover-messe\\\/\",\"url\":\"https:\\\/\\\/ani.pt\\\/en\\\/eureka-global-innovation-summit-2025-takes-place-at-hannover-messe\\\/\",\"name\":\"Eureka Global Innovation Summit 2025 takes place at Hannover Messe - ANI\",\"isPartOf\":{\"@id\":\"https:\\\/\\\/ani.pt\\\/en\\\/#website\"},\"primaryImageOfPage\":{\"@id\":\"https:\\\/\\\/ani.pt\\\/en\\\/eureka-global-innovation-summit-2025-takes-place-at-hannover-messe\\\/#primaryimage\"},\"image\":{\"@id\":\"https:\\\/\\\/ani.pt\\\/en\\\/eureka-global-innovation-summit-2025-takes-place-at-hannover-messe\\\/#primaryimage\"},\"thumbnailUrl\":\"https:\\\/\\\/ani.pt\\\/wp-content\\\/uploads\\\/2025\\\/02\\\/noticias_eureka_innovationsummit.png\",\"datePublished\":\"2025-02-18T14:27:25+00:00\",\"dateModified\":\"2025-02-24T15:21:25+00:00\",\"author\":{\"@id\":\"https:\\\/\\\/ani.pt\\\/en\\\/#\\\/schema\\\/person\\\/2ec00b2d99e1521d89f8c63aecb6af26\"},\"description\":\"The Eureka Global Innovation Summit 2025 will be held on April 1 and 2, under the joint chairmanship of Germany and Canada, in the context of Hannover Messe, one of the world's largest trade fairs for technology and industrial development.\",\"breadcrumb\":{\"@id\":\"https:\\\/\\\/ani.pt\\\/en\\\/eureka-global-innovation-summit-2025-takes-place-at-hannover-messe\\\/#breadcrumb\"},\"inLanguage\":\"en-US\",\"potentialAction\":[{\"@type\":\"ReadAction\",\"target\":[\"https:\\\/\\\/ani.pt\\\/en\\\/eureka-global-innovation-summit-2025-takes-place-at-hannover-messe\\\/\"]}]},{\"@type\":\"ImageObject\",\"inLanguage\":\"en-US\",\"@id\":\"https:\\\/\\\/ani.pt\\\/en\\\/eureka-global-innovation-summit-2025-takes-place-at-hannover-messe\\\/#primaryimage\",\"url\":\"https:\\\/\\\/ani.pt\\\/wp-content\\\/uploads\\\/2025\\\/02\\\/noticias_eureka_innovationsummit.png\",\"contentUrl\":\"https:\\\/\\\/ani.pt\\\/wp-content\\\/uploads\\\/2025\\\/02\\\/noticias_eureka_innovationsummit.png\",\"width\":1920,\"height\":1080},{\"@type\":\"BreadcrumbList\",\"@id\":\"https:\\\/\\\/ani.pt\\\/en\\\/eureka-global-innovation-summit-2025-takes-place-at-hannover-messe\\\/#breadcrumb\",\"itemListElement\":[{\"@type\":\"ListItem\",\"position\":1,\"name\":\"Homepage\",\"item\":\"https:\\\/\\\/ani.pt\\\/en\\\/\"},{\"@type\":\"ListItem\",\"position\":2,\"name\":\"Events &amp; Conferences\",\"item\":\"https:\\\/\\\/ani.pt\\\/en\\\/category\\\/events-conferences\\\/\"},{\"@type\":\"ListItem\",\"position\":3,\"name\":\"Eureka Global Innovation Summit 2025 takes place at Hannover Messe\"}]},{\"@type\":\"WebSite\",\"@id\":\"https:\\\/\\\/ani.pt\\\/en\\\/#website\",\"url\":\"https:\\\/\\\/ani.pt\\\/en\\\/\",\"name\":\"ANI\",\"description\":\"\",\"potentialAction\":[{\"@type\":\"SearchAction\",\"target\":{\"@type\":\"EntryPoint\",\"urlTemplate\":\"https:\\\/\\\/ani.pt\\\/en\\\/?s={search_term_string}\"},\"query-input\":{\"@type\":\"PropertyValueSpecification\",\"valueRequired\":true,\"valueName\":\"search_term_string\"}}],\"inLanguage\":\"en-US\"},{\"@type\":\"Person\",\"@id\":\"https:\\\/\\\/ani.pt\\\/en\\\/#\\\/schema\\\/person\\\/2ec00b2d99e1521d89f8c63aecb6af26\",\"name\":\"ANI Admin\",\"image\":{\"@type\":\"ImageObject\",\"inLanguage\":\"en-US\",\"@id\":\"https:\\\/\\\/secure.gravatar.com\\\/avatar\\\/699c8f78445d62c10ccfbdcba4f264cc0af97963587356b174e7f9332a1f362d?s=96&d=mm&r=g\",\"url\":\"https:\\\/\\\/secure.gravatar.com\\\/avatar\\\/699c8f78445d62c10ccfbdcba4f264cc0af97963587356b174e7f9332a1f362d?s=96&d=mm&r=g\",\"contentUrl\":\"https:\\\/\\\/secure.gravatar.com\\\/avatar\\\/699c8f78445d62c10ccfbdcba4f264cc0af97963587356b174e7f9332a1f362d?s=96&d=mm&r=g\",\"caption\":\"ANI Admin\"},\"url\":\"https:\\\/\\\/ani.pt\\\/en\\\/author\\\/wordpressani-pt\\\/\"}]}<\/script>\n<!-- \/ Yoast SEO plugin. -->","yoast_head_json":{"title":"Eureka Global Innovation Summit 2025 takes place at Hannover Messe - ANI","description":"The Eureka Global Innovation Summit 2025 will be held on April 1 and 2, under the joint chairmanship of Germany and Canada, in the context of Hannover Messe, one of the world's largest trade fairs for technology and industrial development.","robots":{"index":"index","follow":"follow","max-snippet":"max-snippet:-1","max-image-preview":"max-image-preview:large","max-video-preview":"max-video-preview:-1"},"canonical":"https:\/\/ani.pt\/en\/eureka-global-innovation-summit-2025-takes-place-at-hannover-messe\/","og_locale":"en_US","og_type":"article","og_title":"Eureka Global Innovation Summit 2025 takes place at Hannover Messe - ANI","og_description":"The Eureka Global Innovation Summit 2025 will be held on April 1 and 2, under the joint chairmanship of Germany and Canada, in the context of Hannover Messe, one of the world's largest trade fairs for technology and industrial development.","og_url":"https:\/\/ani.pt\/en\/eureka-global-innovation-summit-2025-takes-place-at-hannover-messe\/","og_site_name":"ANI","article_publisher":"https:\/\/www.facebook.com\/agencianacionaldeinovacao\/","article_published_time":"2025-02-18T14:27:25+00:00","article_modified_time":"2025-02-24T15:21:25+00:00","og_image":[{"width":1920,"height":1080,"url":"https:\/\/ani.pt\/wp-content\/uploads\/2025\/02\/noticias_eureka_innovationsummit.png","type":"image\/png"}],"author":"ANI Admin","twitter_card":"summary_large_image","twitter_misc":{"Written by":"ANI Admin","Est. reading time":"1 minute"},"schema":{"@context":"https:\/\/schema.org","@graph":[{"@type":"Article","@id":"https:\/\/ani.pt\/en\/eureka-global-innovation-summit-2025-takes-place-at-hannover-messe\/#article","isPartOf":{"@id":"https:\/\/ani.pt\/en\/eureka-global-innovation-summit-2025-takes-place-at-hannover-messe\/"},"author":{"name":"ANI Admin","@id":"https:\/\/ani.pt\/en\/#\/schema\/person\/2ec00b2d99e1521d89f8c63aecb6af26"},"headline":"Eureka Global Innovation Summit 2025 takes place at Hannover Messe","datePublished":"2025-02-18T14:27:25+00:00","dateModified":"2025-02-24T15:21:25+00:00","mainEntityOfPage":{"@id":"https:\/\/ani.pt\/en\/eureka-global-innovation-summit-2025-takes-place-at-hannover-messe\/"},"wordCount":193,"image":{"@id":"https:\/\/ani.pt\/en\/eureka-global-innovation-summit-2025-takes-place-at-hannover-messe\/#primaryimage"},"thumbnailUrl":"https:\/\/ani.pt\/wp-content\/uploads\/2025\/02\/noticias_eureka_innovationsummit.png","articleSection":["Events &amp; Conferences"],"inLanguage":"en-US"},{"@type":"WebPage","@id":"https:\/\/ani.pt\/en\/eureka-global-innovation-summit-2025-takes-place-at-hannover-messe\/","url":"https:\/\/ani.pt\/en\/eureka-global-innovation-summit-2025-takes-place-at-hannover-messe\/","name":"Eureka Global Innovation Summit 2025 takes place at Hannover Messe - ANI","isPartOf":{"@id":"https:\/\/ani.pt\/en\/#website"},"primaryImageOfPage":{"@id":"https:\/\/ani.pt\/en\/eureka-global-innovation-summit-2025-takes-place-at-hannover-messe\/#primaryimage"},"image":{"@id":"https:\/\/ani.pt\/en\/eureka-global-innovation-summit-2025-takes-place-at-hannover-messe\/#primaryimage"},"thumbnailUrl":"https:\/\/ani.pt\/wp-content\/uploads\/2025\/02\/noticias_eureka_innovationsummit.png","datePublished":"2025-02-18T14:27:25+00:00","dateModified":"2025-02-24T15:21:25+00:00","author":{"@id":"https:\/\/ani.pt\/en\/#\/schema\/person\/2ec00b2d99e1521d89f8c63aecb6af26"},"description":"The Eureka Global Innovation Summit 2025 will be held on April 1 and 2, under the joint chairmanship of Germany and Canada, in the context of Hannover Messe, one of the world's largest trade fairs for technology and industrial development.","breadcrumb":{"@id":"https:\/\/ani.pt\/en\/eureka-global-innovation-summit-2025-takes-place-at-hannover-messe\/#breadcrumb"},"inLanguage":"en-US","potentialAction":[{"@type":"ReadAction","target":["https:\/\/ani.pt\/en\/eureka-global-innovation-summit-2025-takes-place-at-hannover-messe\/"]}]},{"@type":"ImageObject","inLanguage":"en-US","@id":"https:\/\/ani.pt\/en\/eureka-global-innovation-summit-2025-takes-place-at-hannover-messe\/#primaryimage","url":"https:\/\/ani.pt\/wp-content\/uploads\/2025\/02\/noticias_eureka_innovationsummit.png","contentUrl":"https:\/\/ani.pt\/wp-content\/uploads\/2025\/02\/noticias_eureka_innovationsummit.png","width":1920,"height":1080},{"@type":"BreadcrumbList","@id":"https:\/\/ani.pt\/en\/eureka-global-innovation-summit-2025-takes-place-at-hannover-messe\/#breadcrumb","itemListElement":[{"@type":"ListItem","position":1,"name":"Homepage","item":"https:\/\/ani.pt\/en\/"},{"@type":"ListItem","position":2,"name":"Events &amp; Conferences","item":"https:\/\/ani.pt\/en\/category\/events-conferences\/"},{"@type":"ListItem","position":3,"name":"Eureka Global Innovation Summit 2025 takes place at Hannover Messe"}]},{"@type":"WebSite","@id":"https:\/\/ani.pt\/en\/#website","url":"https:\/\/ani.pt\/en\/","name":"ANI","description":"","potentialAction":[{"@type":"SearchAction","target":{"@type":"EntryPoint","urlTemplate":"https:\/\/ani.pt\/en\/?s={search_term_string}"},"query-input":{"@type":"PropertyValueSpecification","valueRequired":true,"valueName":"search_term_string"}}],"inLanguage":"en-US"},{"@type":"Person","@id":"https:\/\/ani.pt\/en\/#\/schema\/person\/2ec00b2d99e1521d89f8c63aecb6af26","name":"ANI Admin","image":{"@type":"ImageObject","inLanguage":"en-US","@id":"https:\/\/secure.gravatar.com\/avatar\/699c8f78445d62c10ccfbdcba4f264cc0af97963587356b174e7f9332a1f362d?s=96&d=mm&r=g","url":"https:\/\/secure.gravatar.com\/avatar\/699c8f78445d62c10ccfbdcba4f264cc0af97963587356b174e7f9332a1f362d?s=96&d=mm&r=g","contentUrl":"https:\/\/secure.gravatar.com\/avatar\/699c8f78445d62c10ccfbdcba4f264cc0af97963587356b174e7f9332a1f362d?s=96&d=mm&r=g","caption":"ANI Admin"},"url":"https:\/\/ani.pt\/en\/author\/wordpressani-pt\/"}]}},"_links":{"self":[{"href":"https:\/\/ani.pt\/en\/wp-json\/wp\/v2\/posts\/35420","targetHints":{"allow":["GET"]}}],"collection":[{"href":"https:\/\/ani.pt\/en\/wp-json\/wp\/v2\/posts"}],"about":[{"href":"https:\/\/ani.pt\/en\/wp-json\/wp\/v2\/types\/post"}],"author":[{"embeddable":true,"href":"https:\/\/ani.pt\/en\/wp-json\/wp\/v2\/users\/31"}],"replies":[{"embeddable":true,"href":"https:\/\/ani.pt\/en\/wp-json\/wp\/v2\/comments?post=35420"}],"version-history":[{"count":1,"href":"https:\/\/ani.pt\/en\/wp-json\/wp\/v2\/posts\/35420\/revisions"}],"predecessor-version":[{"id":35421,"href":"https:\/\/ani.pt\/en\/wp-json\/wp\/v2\/posts\/35420\/revisions\/35421"}],"wp:featuredmedia":[{"embeddable":true,"href":"https:\/\/ani.pt\/en\/wp-json\/wp\/v2\/media\/35243"}],"wp:attachment":[{"href":"https:\/\/ani.pt\/en\/wp-json\/wp\/v2\/media?parent=35420"}],"wp:term":[{"taxonomy":"category","embeddable":true,"href":"https:\/\/ani.pt\/en\/wp-json\/wp\/v2\/categories?post=35420"},{"taxonomy":"post_tag","embeddable":true,"href":"https:\/\/ani.pt\/en\/wp-json\/wp\/v2\/tags?post=35420"}],"curies":[{"name":"wp","href":"https:\/\/api.w.org\/{rel}","templated":true}]}}